{"id":339,"date":"2025-03-21T15:31:59","date_gmt":"2025-03-21T15:31:59","guid":{"rendered":"https:\/\/negrini.com.br\/blog\/?p=339"},"modified":"2025-03-21T15:32:00","modified_gmt":"2025-03-21T15:32:00","slug":"trilho-din-a-chave-para-uma-fixacao-de-componentes-eletricos-eficiente","status":"publish","type":"post","link":"http:\/\/negrini.com.br\/blog\/trilho-din\/trilho-din-a-chave-para-uma-fixacao-de-componentes-eletricos-eficiente\/","title":{"rendered":"Trilho DIN: a chave para uma fixa\u00e7\u00e3o de componentes el\u00e9tricos eficiente"},"content":{"rendered":"<span class=\"rt-reading-time\" style=\"display: block;\"><span class=\"rt-label rt-prefix\">Tempo de leitura<\/span> <span class=\"rt-time\">3<\/span> <span class=\"rt-label rt-postfix\">minutos<\/span><\/span>\n<p class=\"has-medium-font-size\"><strong><em>Entenda por que o trilho DIN \u00e9 essencial para a organiza\u00e7\u00e3o de pain\u00e9is el\u00e9tricos e como o modelo de alum\u00ednio da Negrini oferece versatilidade .<\/em><\/strong><\/p>\n\n\n\n<p>Em instala\u00e7\u00f5es el\u00e9tricas industriais, a organiza\u00e7\u00e3o e fixa\u00e7\u00e3o dos componentes \u00e9 um fator cr\u00edtico para o bom funcionamento, manuten\u00e7\u00e3o e seguran\u00e7a dos sistemas.<\/p>\n\n\n\n<p>Nesse cen\u00e1rio, o trilho DIN se tornou um padr\u00e3o mundial gra\u00e7as \u00e0 sua simplicidade, versatilidade e confiabilidade. Ele \u00e9 usado para fixar disjuntores, rel\u00e9s, bornes e outros m\u00f3dulos el\u00e9tricos, contribuindo para uma montagem limpa e eficiente.<\/p>\n\n\n\n<p>Mas, apesar de sua presen\u00e7a comum em quadros el\u00e9tricos, muitos ainda se perguntam: para que serve o trilho DIN exatamente? Neste artigo, vamos explorar sua import\u00e2ncia, tipos mais utilizados e por que o trilho DIN de alum\u00ednio perfil baixo 35mm da Negrini pode ser a escolha ideal para seu projeto.<\/p>\n\n\n\n<div id=\"ez-toc-container\" class=\"ez-toc-v2_0_68_1 counter-hierarchy ez-toc-counter ez-toc-grey ez-toc-container-direction\">\n<div class=\"ez-toc-title-container\">\n<p class=\"ez-toc-title \" >Table of Contents<\/p>\n<span class=\"ez-toc-title-toggle\"><a href=\"#\" class=\"ez-toc-pull-right ez-toc-btn ez-toc-btn-xs ez-toc-btn-default ez-toc-toggle\" aria-label=\"Toggle Table of Content\"><span class=\"ez-toc-js-icon-con\"><span class=\"\"><span class=\"eztoc-hide\" style=\"display:none;\">Toggle<\/span><span class=\"ez-toc-icon-toggle-span\"><svg style=\"fill: #999;color:#999\" xmlns=\"http:\/\/www.w3.org\/2000\/svg\" class=\"list-377408\" width=\"20px\" height=\"20px\" viewBox=\"0 0 24 24\" fill=\"none\"><path d=\"M6 6H4v2h2V6zm14 0H8v2h12V6zM4 11h2v2H4v-2zm16 0H8v2h12v-2zM4 16h2v2H4v-2zm16 0H8v2h12v-2z\" fill=\"currentColor\"><\/path><\/svg><svg style=\"fill: #999;color:#999\" class=\"arrow-unsorted-368013\" xmlns=\"http:\/\/www.w3.org\/2000\/svg\" width=\"10px\" height=\"10px\" viewBox=\"0 0 24 24\" version=\"1.2\" baseProfile=\"tiny\"><path d=\"M18.2 9.3l-6.2-6.3-6.2 6.3c-.2.2-.3.4-.3.7s.1.5.3.7c.2.2.4.3.7.3h11c.3 0 .5-.1.7-.3.2-.2.3-.5.3-.7s-.1-.5-.3-.7zM5.8 14.7l6.2 6.3 6.2-6.3c.2-.2.3-.5.3-.7s-.1-.5-.3-.7c-.2-.2-.4-.3-.7-.3h-11c-.3 0-.5.1-.7.3-.2.2-.3.5-.3.7s.1.5.3.7z\"\/><\/svg><\/span><\/span><\/span><\/a><\/span><\/div>\n<nav><ul class='ez-toc-list ez-toc-list-level-1 ' ><li class='ez-toc-page-1 ez-toc-heading-level-2'><a class=\"ez-toc-link ez-toc-heading-1\" href=\"http:\/\/negrini.com.br\/blog\/trilho-din\/trilho-din-a-chave-para-uma-fixacao-de-componentes-eletricos-eficiente\/#O_que_e_e_para_que_serve_o_trilho_DIN\" title=\"O que \u00e9 e para que serve o trilho DIN?\">O que \u00e9 e para que serve o trilho DIN?<\/a><\/li><li class='ez-toc-page-1 ez-toc-heading-level-2'><a class=\"ez-toc-link ez-toc-heading-2\" href=\"http:\/\/negrini.com.br\/blog\/trilho-din\/trilho-din-a-chave-para-uma-fixacao-de-componentes-eletricos-eficiente\/#Tipos_mais_comuns_de_trilho_DIN\" title=\"Tipos mais comuns de trilho DIN\">Tipos mais comuns de trilho DIN<\/a><\/li><li class='ez-toc-page-1 ez-toc-heading-level-2'><a class=\"ez-toc-link ez-toc-heading-3\" href=\"http:\/\/negrini.com.br\/blog\/trilho-din\/trilho-din-a-chave-para-uma-fixacao-de-componentes-eletricos-eficiente\/#Por_que_optar_pelo_trilho_DIN_de_aluminio\" title=\"Por que optar pelo trilho DIN de alum\u00ednio?\">Por que optar pelo trilho DIN de alum\u00ednio?<\/a><\/li><li class='ez-toc-page-1 ez-toc-heading-level-2'><a class=\"ez-toc-link ez-toc-heading-4\" href=\"http:\/\/negrini.com.br\/blog\/trilho-din\/trilho-din-a-chave-para-uma-fixacao-de-componentes-eletricos-eficiente\/#Aplicacoes_praticas_do_trilho_DIN\" title=\"Aplica\u00e7\u00f5es pr\u00e1ticas do trilho DIN\">Aplica\u00e7\u00f5es pr\u00e1ticas do trilho DIN<\/a><\/li><li class='ez-toc-page-1 ez-toc-heading-level-2'><a class=\"ez-toc-link ez-toc-heading-5\" href=\"http:\/\/negrini.com.br\/blog\/trilho-din\/trilho-din-a-chave-para-uma-fixacao-de-componentes-eletricos-eficiente\/#Trilho_DIN_35mm_padrao_essencial_para_paineis_modernos\" title=\"Trilho DIN 35mm: padr\u00e3o essencial para pain\u00e9is modernos\">Trilho DIN 35mm: padr\u00e3o essencial para pain\u00e9is modernos<\/a><\/li><li class='ez-toc-page-1 ez-toc-heading-level-2'><a class=\"ez-toc-link ez-toc-heading-6\" href=\"http:\/\/negrini.com.br\/blog\/trilho-din\/trilho-din-a-chave-para-uma-fixacao-de-componentes-eletricos-eficiente\/#Conheca_o_trilho_DIN_Negrini_aluminio_perfil_baixo_e_excelencia\" title=\"Conhe\u00e7a o trilho DIN Negrini: alum\u00ednio, perfil baixo e excel\u00eancia\">Conhe\u00e7a o trilho DIN Negrini: alum\u00ednio, perfil baixo e excel\u00eancia<\/a><\/li><\/ul><\/nav><\/div>\n<h2 class=\"wp-block-heading\"><span class=\"ez-toc-section\" id=\"O_que_e_e_para_que_serve_o_trilho_DIN\"><\/span><strong>O que \u00e9 e para que serve o trilho DIN?<\/strong><span class=\"ez-toc-section-end\"><\/span><\/h2>\n\n\n\n<p>O trilho DIN \u00e9 uma estrutura met\u00e1lica padronizada utilizada para <strong>fixar componentes el\u00e9tricos em pain\u00e9is e quadros de distribui\u00e7\u00e3o<\/strong>.&nbsp;<\/p>\n\n\n\n<p>Seu principal objetivo \u00e9 facilitar a montagem e a organiza\u00e7\u00e3o de dispositivos como disjuntores, rel\u00e9s e bornes, permitindo uma instala\u00e7\u00e3o pr\u00e1tica, segura e padronizada.<\/p>\n\n\n\n<p>Al\u00e9m de agilizar o processo de montagem, ele oferece maior facilidade de manuten\u00e7\u00e3o, j\u00e1 que os componentes podem ser encaixados e removidos rapidamente, sem a necessidade de parafusos ou ferramentas especiais.&nbsp;<\/p>\n\n\n\n<p>Ou seja, <strong>o trilho DIN serve para organizar e otimizar sistemas el\u00e9tricos<\/strong>, garantindo efici\u00eancia tanto na instala\u00e7\u00e3o quanto na manuten\u00e7\u00e3o dos equipamentos.<\/p>\n\n\n\n<ul class=\"wp-block-list\">\n<li><a href=\"https:\/\/negrini.com.br\/blog\/acoplamento\/acoplamento-industrial-eficiencia-em-componentes-de-transmissao-mecanica\/\">Acoplamento industrial: efici\u00eancia em componentes de transmiss\u00e3o mec\u00e2nica<\/a><\/li>\n<\/ul>\n\n\n\n<h2 class=\"wp-block-heading\"><span class=\"ez-toc-section\" id=\"Tipos_mais_comuns_de_trilho_DIN\"><\/span><strong>Tipos mais comuns de trilho DIN<\/strong><span class=\"ez-toc-section-end\"><\/span><\/h2>\n\n\n\n<p>Existem v\u00e1rios modelos de trilhos DIN, mas o <strong>mais utilizado no Brasil \u00e9 o trilho DIN 35mm<\/strong>, tamb\u00e9m conhecido como trilho TS35 ou trilho padr\u00e3o europeu.<\/p>\n\n\n\n<p>Entre os principais tipos, est\u00e3o:<\/p>\n\n\n\n<ul class=\"wp-block-list\">\n<li><strong>Trilho DIN 35mm perfil alto (15mm)<\/strong>: ideal para equipamentos mais robustos;<\/li>\n\n\n\n<li><strong>Trilho DIN 35mm perfil baixo (7,5mm)<\/strong>: mais compacto, perfeito para aplica\u00e7\u00f5es onde o espa\u00e7o \u00e9 limitado;<\/li>\n\n\n\n<li><strong>Trilho DIN 15mm (mini trilho)<\/strong>: para dispositivos menores e de baixa corrente;<\/li>\n\n\n\n<li><strong>Trilho G<\/strong>: menos comum, usado em aplica\u00e7\u00f5es espec\u00edficas.<\/li>\n<\/ul>\n\n\n\n<p>A escolha entre os modelos depende do tipo e tamanho dos dispositivos que ser\u00e3o instalados, bem como do espa\u00e7o dispon\u00edvel no painel.<\/p>\n\n\n\n<h2 class=\"wp-block-heading\"><span class=\"ez-toc-section\" id=\"Por_que_optar_pelo_trilho_DIN_de_aluminio\"><\/span><strong>Por que optar pelo trilho DIN de alum\u00ednio?<\/strong><span class=\"ez-toc-section-end\"><\/span><\/h2>\n\n\n\n<p>Optar pelo trilho DIN de alum\u00ednio \u00e9 uma escolha estrat\u00e9gica quando o objetivo \u00e9 aliar leveza, resist\u00eancia e durabilidade na montagem de pain\u00e9is el\u00e9tricos.&nbsp;<\/p>\n\n\n<div class=\"wp-block-image\">\n<figure class=\"alignright size-full\"><img loading=\"lazy\" decoding=\"async\" width=\"270\" height=\"142\" src=\"http:\/\/negrini.com.br\/blog\/wp-content\/uploads\/2025\/03\/Captura-de-Tela-2025-03-21-a\u0300s-12.17.40.png\" alt=\"Trilho DIN: a chave para uma fixa\u00e7\u00e3o de componentes el\u00e9tricos eficiente\" class=\"wp-image-340\"\/><\/figure>\n<\/div>\n\n\n<p>O alum\u00ednio \u00e9 um material naturalmente mais <strong>leve<\/strong> do que o a\u00e7o, o que facilita o transporte, o manuseio e a instala\u00e7\u00e3o, especialmente em projetos que demandam agilidade ou estruturas mais compactas. Essa leveza, no entanto, n\u00e3o compromete a resist\u00eancia, garantindo a<strong> fixa\u00e7\u00e3o firme<\/strong> dos componentes el\u00e9tricos.<\/p>\n\n\n\n<p>Outro grande diferencial est\u00e1 na <strong>resist\u00eancia \u00e0 corros\u00e3o<\/strong>. Por ser menos suscet\u00edvel \u00e0 oxida\u00e7\u00e3o, o trilho DIN de alum\u00ednio \u00e9 ideal para ambientes \u00famidos, industriais ou com exposi\u00e7\u00e3o a agentes qu\u00edmicos, aumentando significativamente a vida \u00fatil da instala\u00e7\u00e3o.&nbsp;<\/p>\n\n\n\n<p>Al\u00e9m disso, seu <strong>acabamento mais limpo e visualmente agrad\u00e1vel <\/strong>oferece um aspecto profissional ao painel, agregando valor ao projeto tanto do ponto de vista t\u00e9cnico quanto est\u00e9tico.<\/p>\n\n\n\n<ul class=\"wp-block-list\">\n<li><a href=\"https:\/\/negrini.com.br\/blog\/fusiveis\/fusivel-dz-conheca-seus-beneficios-na-protecao-eletrica\/\">Fus\u00edvel DZ: conhe\u00e7a seus benef\u00edcios na prote\u00e7\u00e3o el\u00e9trica<\/a><\/li>\n<\/ul>\n\n\n\n<h2 class=\"wp-block-heading\"><span class=\"ez-toc-section\" id=\"Aplicacoes_praticas_do_trilho_DIN\"><\/span><strong>Aplica\u00e7\u00f5es pr\u00e1ticas do trilho DIN<\/strong><span class=\"ez-toc-section-end\"><\/span><\/h2>\n\n\n\n<p>O trilho DIN est\u00e1 presente em diversos setores da ind\u00fastria e da constru\u00e7\u00e3o civil. Ele \u00e9 usado em:<\/p>\n\n\n\n<ul class=\"wp-block-list\">\n<li><strong>Pain\u00e9is de comando industrial<\/strong>;<\/li>\n\n\n\n<li><strong>Quadros de distribui\u00e7\u00e3o residenciais e comerciais<\/strong>;<\/li>\n\n\n\n<li><strong>Centrais de automa\u00e7\u00e3o predial<\/strong>;<\/li>\n\n\n\n<li><strong>Instala\u00e7\u00f5es fotovoltaicas e de energia renov\u00e1vel<\/strong>.<\/li>\n<\/ul>\n\n\n\n<p>Gra\u00e7as \u00e0 sua padroniza\u00e7\u00e3o, os dispositivos podem ser facilmente reposicionados ou substitu\u00eddos, o que reduz o tempo de manuten\u00e7\u00e3o e melhora a performance do sistema como um todo.<\/p>\n\n\n\n<h2 class=\"wp-block-heading\"><span class=\"ez-toc-section\" id=\"Trilho_DIN_35mm_padrao_essencial_para_paineis_modernos\"><\/span><strong>Trilho DIN 35mm: padr\u00e3o essencial para pain\u00e9is modernos<\/strong><span class=\"ez-toc-section-end\"><\/span><\/h2>\n\n\n\n<p>O modelo <strong>DIN 35mm<\/strong> \u00e9 o mais aceito globalmente, sendo compat\u00edvel com a maioria dos disjuntores, rel\u00e9s e bornes dispon\u00edveis no mercado.<\/p>\n\n\n\n<p>Esse padr\u00e3o \u00e9 adotado por fabricantes de equipamentos el\u00e9tricos de todos os portes, o que garante <strong>compatibilidade universal<\/strong>.&nbsp;<\/p>\n\n\n\n<p>Se voc\u00ea est\u00e1 montando ou modernizando um painel el\u00e9trico, o trilho DIN 35mm \u00e9 praticamente uma exig\u00eancia t\u00e9cnica.<\/p>\n\n\n\n<ul class=\"wp-block-list\">\n<li><a href=\"https:\/\/negrini.com.br\/blog\/fusiveis\/fusivel-estilo-britanico-evite-curto-circuitos-com-precisao-e-seguranca\/\">Fus\u00edvel estilo brit\u00e2nico: evite curto-circuitos com precis\u00e3o e seguran\u00e7a<\/a><\/li>\n<\/ul>\n\n\n\n<h2 class=\"wp-block-heading\"><span class=\"ez-toc-section\" id=\"Conheca_o_trilho_DIN_Negrini_aluminio_perfil_baixo_e_excelencia\"><\/span><strong>Conhe\u00e7a o trilho DIN Negrini: alum\u00ednio, perfil baixo e excel\u00eancia<\/strong><span class=\"ez-toc-section-end\"><\/span><\/h2>\n\n\n\n<p>A <strong>Negrini<\/strong> oferece uma linha completa de trilhos DIN que se destacam pela <strong>qualidade do material, precis\u00e3o dimensional e variedade de tamanhos<\/strong>.<\/p>\n\n\n\n<p>O <strong>trilho DIN 35mm de perfil baixo (7,5mm)<\/strong> da Negrini \u00e9 fabricado em <strong>alum\u00ednio de alta resist\u00eancia<\/strong>, sendo fornecido em <strong>quatro tamanhos diferentes<\/strong>, para atender com flexibilidade os mais diversos projetos.<\/p>\n\n\n\n<p>Com ele, voc\u00ea garante:<\/p>\n\n\n\n<ul class=\"wp-block-list\">\n<li>Instala\u00e7\u00e3o r\u00e1pida;<\/li>\n\n\n\n<li>Compatibilidade com os principais dispositivos do mercado;<\/li>\n\n\n\n<li>Resist\u00eancia mec\u00e2nica e \u00e0 corros\u00e3o;<\/li>\n\n\n\n<li>Redu\u00e7\u00e3o de peso no painel.<\/li>\n<\/ul>\n\n\n\n<p>Al\u00e9m disso, o acabamento em alum\u00ednio confere um visual mais limpo e profissional ao conjunto el\u00e9trico.<\/p>\n\n\n\n<p>Seja para novos projetos ou manuten\u00e7\u00f5es, o trilho DIN Negrini \u00e9 a escolha certa para quem busca seguran\u00e7a, praticidade e durabilidade.<\/p>\n\n\n\n<p><strong><a href=\"https:\/\/negrini.com.br\/contato\">Entre em contato agora mesmo<\/a> <\/strong>para conhecer mais sobre as op\u00e7\u00f5es em trilho DIN Negrini.<\/p>\n","protected":false},"excerpt":{"rendered":"<p><span class=\"rt-reading-time\" style=\"display: block;\"><span class=\"rt-label rt-prefix\">Tempo de leitura<\/span> <span class=\"rt-time\">3<\/span> <span class=\"rt-label rt-postfix\">minutos<\/span><\/span> Entenda por que o trilho DIN \u00e9 essencial para a organiza\u00e7\u00e3o de pain\u00e9is el\u00e9tricos e como o modelo de alum\u00ednio da Negrini oferece versatilidade . Em instala\u00e7\u00f5es el\u00e9tricas industriais, a organiza\u00e7\u00e3o e fixa\u00e7\u00e3o dos componentes \u00e9 um fator cr\u00edtico para&#8230;<\/p>\n","protected":false},"author":1,"featured_media":340,"comment_status":"open","ping_status":"open","sticky":false,"template":"","format":"standard","meta":{"footnotes":""},"categories":[2280],"tags":[2310,2311,2316,2305,2285,2317,2283,2284,2282,2304,2286,2312,2281,2306,2307,2302,2309,2315,2300,2299,2298,2301,2287,2292,2291,2297,2290,2289,2303,2294,2293,2314,2313,2308,2295,2288,2296],"class_list":["post-339","post","type-post","status-publish","format-standard","has-post-thumbnail","hentry","category-trilho-din","tag-5mm","tag-acessorios-para-paineis-eletricos","tag-componentes-eletricos-industriais","tag-disjuntores-em-trilho-din","tag-distribuidor-de-trilho-din","tag-eficiencia-na-montagem-eletrica","tag-empresa-de-trilho-din","tag-fabrica-de-trilho-din","tag-fabricante-de-trilho-din","tag-fixacao-de-componentes-eletricos","tag-fornecedor-de-trilho-din","tag-instalacao-de-trilho-din","tag-loja-de-trilho-din","tag-montagem-de-paineis-eletricos","tag-painel-de-distribuicao","tag-para-que-serve-o-trilho-din","tag-reles-em-trilho-din","tag-trilho-de-aluminio-perfil-7","tag-trilho-din","tag-trilho-din-35mm","tag-trilho-din-aluminio","tag-trilho-din-de-aluminio","tag-trilho-din-em-promocao","tag-trilho-din-em-sao-paulo","tag-trilho-din-em-sp","tag-trilho-din-na-mooca","tag-trilho-din-na-vila-bertioga","tag-trilho-din-na-zona-leste","tag-trilho-din-negrini","tag-trilho-din-no-belem","tag-trilho-din-no-ipiranga","tag-trilho-din-padrao-europeu","tag-trilho-din-para-quadros-eletricos","tag-trilho-din-perfil-baixo","tag-trilho-din-perto-de-mim","tag-trilho-din-preco","tag-trilho-din-proximo-a-mim"],"yoast_head":"<!-- This site is optimized with the Yoast SEO plugin v23.3 - https:\/\/yoast.com\/wordpress\/plugins\/seo\/ -->\n<title>Trilho DIN: a chave para uma fixa\u00e7\u00e3o de componentes el\u00e9tricos eficiente - Negrini<\/title>\n<meta name=\"description\" content=\"Entenda por que o trilho DIN \u00e9 essencial para a organiza\u00e7\u00e3o de pain\u00e9is el\u00e9tricos e como o modelo de alum\u00ednio da Negrini oferece versatilidade.\" \/>\n<meta name=\"robots\" content=\"index, follow, max-snippet:-1, max-image-preview:large, max-video-preview:-1\" \/>\n<link rel=\"canonical\" href=\"https:\/\/negrini.com.br\/blog\/trilho-din\/trilho-din-a-chave-para-uma-fixacao-de-componentes-eletricos-eficiente\/\" \/>\n<meta property=\"og:locale\" content=\"pt_BR\" \/>\n<meta property=\"og:type\" content=\"article\" \/>\n<meta property=\"og:title\" content=\"Trilho DIN: a chave para uma fixa\u00e7\u00e3o de componentes el\u00e9tricos eficiente - Negrini\" \/>\n<meta property=\"og:description\" content=\"Entenda por que o trilho DIN \u00e9 essencial para a organiza\u00e7\u00e3o de pain\u00e9is el\u00e9tricos e como o modelo de alum\u00ednio da Negrini oferece versatilidade.\" \/>\n<meta property=\"og:url\" content=\"https:\/\/negrini.com.br\/blog\/trilho-din\/trilho-din-a-chave-para-uma-fixacao-de-componentes-eletricos-eficiente\/\" \/>\n<meta property=\"og:site_name\" content=\"Negrini\" \/>\n<meta property=\"article:published_time\" content=\"2025-03-21T15:31:59+00:00\" \/>\n<meta property=\"article:modified_time\" content=\"2025-03-21T15:32:00+00:00\" \/>\n<meta property=\"og:image\" content=\"https:\/\/negrini.com.br\/blog\/wp-content\/uploads\/2025\/03\/Captura-de-Tela-2025-03-21-a\u0300s-12.17.40.png\" \/>\n\t<meta property=\"og:image:width\" content=\"270\" \/>\n\t<meta property=\"og:image:height\" content=\"142\" \/>\n\t<meta property=\"og:image:type\" content=\"image\/png\" \/>\n<meta name=\"author\" content=\"admin\" \/>\n<meta name=\"twitter:card\" content=\"summary_large_image\" \/>\n<meta name=\"twitter:label1\" content=\"Escrito por\" \/>\n\t<meta name=\"twitter:data1\" content=\"admin\" \/>\n\t<meta name=\"twitter:label2\" content=\"Est. tempo de leitura\" \/>\n\t<meta name=\"twitter:data2\" content=\"5 minutos\" \/>\n<script type=\"application\/ld+json\" class=\"yoast-schema-graph\">{\"@context\":\"https:\/\/schema.org\",\"@graph\":[{\"@type\":\"Article\",\"@id\":\"https:\/\/negrini.com.br\/blog\/trilho-din\/trilho-din-a-chave-para-uma-fixacao-de-componentes-eletricos-eficiente\/#article\",\"isPartOf\":{\"@id\":\"https:\/\/negrini.com.br\/blog\/trilho-din\/trilho-din-a-chave-para-uma-fixacao-de-componentes-eletricos-eficiente\/\"},\"author\":{\"name\":\"admin\",\"@id\":\"https:\/\/negrini.com.br\/blog\/#\/schema\/person\/be0940a76bdc9d92a67ab00a31d1d414\"},\"headline\":\"Trilho DIN: a chave para uma fixa\u00e7\u00e3o de componentes el\u00e9tricos eficiente\",\"datePublished\":\"2025-03-21T15:31:59+00:00\",\"dateModified\":\"2025-03-21T15:32:00+00:00\",\"mainEntityOfPage\":{\"@id\":\"https:\/\/negrini.com.br\/blog\/trilho-din\/trilho-din-a-chave-para-uma-fixacao-de-componentes-eletricos-eficiente\/\"},\"wordCount\":908,\"commentCount\":0,\"publisher\":{\"@id\":\"https:\/\/negrini.com.br\/blog\/#organization\"},\"image\":{\"@id\":\"https:\/\/negrini.com.br\/blog\/trilho-din\/trilho-din-a-chave-para-uma-fixacao-de-componentes-eletricos-eficiente\/#primaryimage\"},\"thumbnailUrl\":\"http:\/\/negrini.com.br\/blog\/wp-content\/uploads\/2025\/03\/Captura-de-Tela-2025-03-21-a\u0300s-12.17.40.png\",\"keywords\":[\"5mm\",\"acess\u00f3rios para pain\u00e9is el\u00e9tricos\",\"componentes el\u00e9tricos industriais\",\"disjuntores em trilho DIN\",\"distribuidor de trilho DIN\",\"efici\u00eancia na montagem el\u00e9trica\",\"empresa de trilho DIN\",\"f\u00e1brica de trilho DIN\",\"fabricante de trilho DIN\",\"fixa\u00e7\u00e3o de componentes el\u00e9tricos\",\"fornecedor de trilho DIN\",\"instala\u00e7\u00e3o de trilho DIN\",\"loja de trilho DIN\",\"montagem de pain\u00e9is el\u00e9tricos\",\"painel de distribui\u00e7\u00e3o\",\"para que serve o trilho DIN\",\"rel\u00e9s em trilho DIN\",\"trilho de alum\u00ednio perfil 7\",\"trilho DIN\",\"trilho DIN 35mm\",\"trilho DIN alum\u00ednio\",\"trilho DIN de alum\u00ednio\",\"trilho DIN em promo\u00e7\u00e3o\",\"trilho DIN em s\u00e3o paulo\",\"trilho DIN em sp\",\"trilho DIN na Mooca\",\"trilho DIN na Vila Bertioga\",\"trilho DIN na zona leste\",\"trilho DIN Negrini\",\"trilho DIN no Bel\u00e9m\",\"trilho DIN no Ipiranga\",\"trilho DIN padr\u00e3o europeu\",\"trilho DIN para quadros el\u00e9tricos\",\"trilho DIN perfil baixo\",\"trilho DIN perto de mim\",\"trilho DIN pre\u00e7o\",\"trilho DIN pr\u00f3ximo a mim\"],\"articleSection\":[\"Trilho DIN\"],\"inLanguage\":\"pt-BR\",\"potentialAction\":[{\"@type\":\"CommentAction\",\"name\":\"Comment\",\"target\":[\"https:\/\/negrini.com.br\/blog\/trilho-din\/trilho-din-a-chave-para-uma-fixacao-de-componentes-eletricos-eficiente\/#respond\"]}]},{\"@type\":\"WebPage\",\"@id\":\"https:\/\/negrini.com.br\/blog\/trilho-din\/trilho-din-a-chave-para-uma-fixacao-de-componentes-eletricos-eficiente\/\",\"url\":\"https:\/\/negrini.com.br\/blog\/trilho-din\/trilho-din-a-chave-para-uma-fixacao-de-componentes-eletricos-eficiente\/\",\"name\":\"Trilho DIN: a chave para uma fixa\u00e7\u00e3o de componentes el\u00e9tricos eficiente - Negrini\",\"isPartOf\":{\"@id\":\"https:\/\/negrini.com.br\/blog\/#website\"},\"primaryImageOfPage\":{\"@id\":\"https:\/\/negrini.com.br\/blog\/trilho-din\/trilho-din-a-chave-para-uma-fixacao-de-componentes-eletricos-eficiente\/#primaryimage\"},\"image\":{\"@id\":\"https:\/\/negrini.com.br\/blog\/trilho-din\/trilho-din-a-chave-para-uma-fixacao-de-componentes-eletricos-eficiente\/#primaryimage\"},\"thumbnailUrl\":\"http:\/\/negrini.com.br\/blog\/wp-content\/uploads\/2025\/03\/Captura-de-Tela-2025-03-21-a\u0300s-12.17.40.png\",\"datePublished\":\"2025-03-21T15:31:59+00:00\",\"dateModified\":\"2025-03-21T15:32:00+00:00\",\"description\":\"Entenda por que o trilho DIN \u00e9 essencial para a organiza\u00e7\u00e3o de pain\u00e9is el\u00e9tricos e como o modelo de alum\u00ednio da Negrini oferece versatilidade.\",\"breadcrumb\":{\"@id\":\"https:\/\/negrini.com.br\/blog\/trilho-din\/trilho-din-a-chave-para-uma-fixacao-de-componentes-eletricos-eficiente\/#breadcrumb\"},\"inLanguage\":\"pt-BR\",\"potentialAction\":[{\"@type\":\"ReadAction\",\"target\":[\"https:\/\/negrini.com.br\/blog\/trilho-din\/trilho-din-a-chave-para-uma-fixacao-de-componentes-eletricos-eficiente\/\"]}]},{\"@type\":\"ImageObject\",\"inLanguage\":\"pt-BR\",\"@id\":\"https:\/\/negrini.com.br\/blog\/trilho-din\/trilho-din-a-chave-para-uma-fixacao-de-componentes-eletricos-eficiente\/#primaryimage\",\"url\":\"http:\/\/negrini.com.br\/blog\/wp-content\/uploads\/2025\/03\/Captura-de-Tela-2025-03-21-a\u0300s-12.17.40.png\",\"contentUrl\":\"http:\/\/negrini.com.br\/blog\/wp-content\/uploads\/2025\/03\/Captura-de-Tela-2025-03-21-a\u0300s-12.17.40.png\",\"width\":270,\"height\":142,\"caption\":\"Trilho DIN: a chave para uma fixa\u00e7\u00e3o de componentes el\u00e9tricos eficiente\"},{\"@type\":\"BreadcrumbList\",\"@id\":\"https:\/\/negrini.com.br\/blog\/trilho-din\/trilho-din-a-chave-para-uma-fixacao-de-componentes-eletricos-eficiente\/#breadcrumb\",\"itemListElement\":[{\"@type\":\"ListItem\",\"position\":1,\"name\":\"In\u00edcio\",\"item\":\"https:\/\/negrini.com.br\/blog\/\"},{\"@type\":\"ListItem\",\"position\":2,\"name\":\"Trilho DIN: a chave para uma fixa\u00e7\u00e3o de componentes el\u00e9tricos eficiente\"}]},{\"@type\":\"WebSite\",\"@id\":\"https:\/\/negrini.com.br\/blog\/#website\",\"url\":\"https:\/\/negrini.com.br\/blog\/\",\"name\":\"Negrini\",\"description\":\"Negrini - Blog\",\"publisher\":{\"@id\":\"https:\/\/negrini.com.br\/blog\/#organization\"},\"potentialAction\":[{\"@type\":\"SearchAction\",\"target\":{\"@type\":\"EntryPoint\",\"urlTemplate\":\"https:\/\/negrini.com.br\/blog\/?s={search_term_string}\"},\"query-input\":\"required name=search_term_string\"}],\"inLanguage\":\"pt-BR\"},{\"@type\":\"Organization\",\"@id\":\"https:\/\/negrini.com.br\/blog\/#organization\",\"name\":\"Negrini\",\"url\":\"https:\/\/negrini.com.br\/blog\/\",\"logo\":{\"@type\":\"ImageObject\",\"inLanguage\":\"pt-BR\",\"@id\":\"https:\/\/negrini.com.br\/blog\/#\/schema\/logo\/image\/\",\"url\":\"http:\/\/negrini.com.br\/blog\/wp-content\/uploads\/2023\/08\/logo-1.png\",\"contentUrl\":\"http:\/\/negrini.com.br\/blog\/wp-content\/uploads\/2023\/08\/logo-1.png\",\"width\":200,\"height\":125,\"caption\":\"Negrini\"},\"image\":{\"@id\":\"https:\/\/negrini.com.br\/blog\/#\/schema\/logo\/image\/\"}},{\"@type\":\"Person\",\"@id\":\"https:\/\/negrini.com.br\/blog\/#\/schema\/person\/be0940a76bdc9d92a67ab00a31d1d414\",\"name\":\"admin\",\"image\":{\"@type\":\"ImageObject\",\"inLanguage\":\"pt-BR\",\"@id\":\"https:\/\/negrini.com.br\/blog\/#\/schema\/person\/image\/\",\"url\":\"https:\/\/secure.gravatar.com\/avatar\/3813f53848958b8842eeafda91666185a90010f65ed554379b78794cde6f234a?s=96&d=mm&r=g\",\"contentUrl\":\"https:\/\/secure.gravatar.com\/avatar\/3813f53848958b8842eeafda91666185a90010f65ed554379b78794cde6f234a?s=96&d=mm&r=g\",\"caption\":\"admin\"},\"sameAs\":[\"https:\/\/negrini.com.br\/blog\"],\"url\":\"http:\/\/negrini.com.br\/blog\/author\/admin\/\"}]}<\/script>\n<!-- \/ Yoast SEO plugin. -->","yoast_head_json":{"title":"Trilho DIN: a chave para uma fixa\u00e7\u00e3o de componentes el\u00e9tricos eficiente - Negrini","description":"Entenda por que o trilho DIN \u00e9 essencial para a organiza\u00e7\u00e3o de pain\u00e9is el\u00e9tricos e como o modelo de alum\u00ednio da Negrini oferece versatilidade.","robots":{"index":"index","follow":"follow","max-snippet":"max-snippet:-1","max-image-preview":"max-image-preview:large","max-video-preview":"max-video-preview:-1"},"canonical":"https:\/\/negrini.com.br\/blog\/trilho-din\/trilho-din-a-chave-para-uma-fixacao-de-componentes-eletricos-eficiente\/","og_locale":"pt_BR","og_type":"article","og_title":"Trilho DIN: a chave para uma fixa\u00e7\u00e3o de componentes el\u00e9tricos eficiente - Negrini","og_description":"Entenda por que o trilho DIN \u00e9 essencial para a organiza\u00e7\u00e3o de pain\u00e9is el\u00e9tricos e como o modelo de alum\u00ednio da Negrini oferece versatilidade.","og_url":"https:\/\/negrini.com.br\/blog\/trilho-din\/trilho-din-a-chave-para-uma-fixacao-de-componentes-eletricos-eficiente\/","og_site_name":"Negrini","article_published_time":"2025-03-21T15:31:59+00:00","article_modified_time":"2025-03-21T15:32:00+00:00","og_image":[{"width":270,"height":142,"url":"https:\/\/negrini.com.br\/blog\/wp-content\/uploads\/2025\/03\/Captura-de-Tela-2025-03-21-a\u0300s-12.17.40.png","type":"image\/png"}],"author":"admin","twitter_card":"summary_large_image","twitter_misc":{"Escrito por":"admin","Est. tempo de leitura":"5 minutos"},"schema":{"@context":"https:\/\/schema.org","@graph":[{"@type":"Article","@id":"https:\/\/negrini.com.br\/blog\/trilho-din\/trilho-din-a-chave-para-uma-fixacao-de-componentes-eletricos-eficiente\/#article","isPartOf":{"@id":"https:\/\/negrini.com.br\/blog\/trilho-din\/trilho-din-a-chave-para-uma-fixacao-de-componentes-eletricos-eficiente\/"},"author":{"name":"admin","@id":"https:\/\/negrini.com.br\/blog\/#\/schema\/person\/be0940a76bdc9d92a67ab00a31d1d414"},"headline":"Trilho DIN: a chave para uma fixa\u00e7\u00e3o de componentes el\u00e9tricos eficiente","datePublished":"2025-03-21T15:31:59+00:00","dateModified":"2025-03-21T15:32:00+00:00","mainEntityOfPage":{"@id":"https:\/\/negrini.com.br\/blog\/trilho-din\/trilho-din-a-chave-para-uma-fixacao-de-componentes-eletricos-eficiente\/"},"wordCount":908,"commentCount":0,"publisher":{"@id":"https:\/\/negrini.com.br\/blog\/#organization"},"image":{"@id":"https:\/\/negrini.com.br\/blog\/trilho-din\/trilho-din-a-chave-para-uma-fixacao-de-componentes-eletricos-eficiente\/#primaryimage"},"thumbnailUrl":"http:\/\/negrini.com.br\/blog\/wp-content\/uploads\/2025\/03\/Captura-de-Tela-2025-03-21-a\u0300s-12.17.40.png","keywords":["5mm","acess\u00f3rios para pain\u00e9is el\u00e9tricos","componentes el\u00e9tricos industriais","disjuntores em trilho DIN","distribuidor de trilho DIN","efici\u00eancia na montagem el\u00e9trica","empresa de trilho DIN","f\u00e1brica de trilho DIN","fabricante de trilho DIN","fixa\u00e7\u00e3o de componentes el\u00e9tricos","fornecedor de trilho DIN","instala\u00e7\u00e3o de trilho DIN","loja de trilho DIN","montagem de pain\u00e9is el\u00e9tricos","painel de distribui\u00e7\u00e3o","para que serve o trilho DIN","rel\u00e9s em trilho DIN","trilho de alum\u00ednio perfil 7","trilho DIN","trilho DIN 35mm","trilho DIN alum\u00ednio","trilho DIN de alum\u00ednio","trilho DIN em promo\u00e7\u00e3o","trilho DIN em s\u00e3o paulo","trilho DIN em sp","trilho DIN na Mooca","trilho DIN na Vila Bertioga","trilho DIN na zona leste","trilho DIN Negrini","trilho DIN no Bel\u00e9m","trilho DIN no Ipiranga","trilho DIN padr\u00e3o europeu","trilho DIN para quadros el\u00e9tricos","trilho DIN perfil baixo","trilho DIN perto de mim","trilho DIN pre\u00e7o","trilho DIN pr\u00f3ximo a mim"],"articleSection":["Trilho DIN"],"inLanguage":"pt-BR","potentialAction":[{"@type":"CommentAction","name":"Comment","target":["https:\/\/negrini.com.br\/blog\/trilho-din\/trilho-din-a-chave-para-uma-fixacao-de-componentes-eletricos-eficiente\/#respond"]}]},{"@type":"WebPage","@id":"https:\/\/negrini.com.br\/blog\/trilho-din\/trilho-din-a-chave-para-uma-fixacao-de-componentes-eletricos-eficiente\/","url":"https:\/\/negrini.com.br\/blog\/trilho-din\/trilho-din-a-chave-para-uma-fixacao-de-componentes-eletricos-eficiente\/","name":"Trilho DIN: a chave para uma fixa\u00e7\u00e3o de componentes el\u00e9tricos eficiente - Negrini","isPartOf":{"@id":"https:\/\/negrini.com.br\/blog\/#website"},"primaryImageOfPage":{"@id":"https:\/\/negrini.com.br\/blog\/trilho-din\/trilho-din-a-chave-para-uma-fixacao-de-componentes-eletricos-eficiente\/#primaryimage"},"image":{"@id":"https:\/\/negrini.com.br\/blog\/trilho-din\/trilho-din-a-chave-para-uma-fixacao-de-componentes-eletricos-eficiente\/#primaryimage"},"thumbnailUrl":"http:\/\/negrini.com.br\/blog\/wp-content\/uploads\/2025\/03\/Captura-de-Tela-2025-03-21-a\u0300s-12.17.40.png","datePublished":"2025-03-21T15:31:59+00:00","dateModified":"2025-03-21T15:32:00+00:00","description":"Entenda por que o trilho DIN \u00e9 essencial para a organiza\u00e7\u00e3o de pain\u00e9is el\u00e9tricos e como o modelo de alum\u00ednio da Negrini oferece versatilidade.","breadcrumb":{"@id":"https:\/\/negrini.com.br\/blog\/trilho-din\/trilho-din-a-chave-para-uma-fixacao-de-componentes-eletricos-eficiente\/#breadcrumb"},"inLanguage":"pt-BR","potentialAction":[{"@type":"ReadAction","target":["https:\/\/negrini.com.br\/blog\/trilho-din\/trilho-din-a-chave-para-uma-fixacao-de-componentes-eletricos-eficiente\/"]}]},{"@type":"ImageObject","inLanguage":"pt-BR","@id":"https:\/\/negrini.com.br\/blog\/trilho-din\/trilho-din-a-chave-para-uma-fixacao-de-componentes-eletricos-eficiente\/#primaryimage","url":"http:\/\/negrini.com.br\/blog\/wp-content\/uploads\/2025\/03\/Captura-de-Tela-2025-03-21-a\u0300s-12.17.40.png","contentUrl":"http:\/\/negrini.com.br\/blog\/wp-content\/uploads\/2025\/03\/Captura-de-Tela-2025-03-21-a\u0300s-12.17.40.png","width":270,"height":142,"caption":"Trilho DIN: a chave para uma fixa\u00e7\u00e3o de componentes el\u00e9tricos eficiente"},{"@type":"BreadcrumbList","@id":"https:\/\/negrini.com.br\/blog\/trilho-din\/trilho-din-a-chave-para-uma-fixacao-de-componentes-eletricos-eficiente\/#breadcrumb","itemListElement":[{"@type":"ListItem","position":1,"name":"In\u00edcio","item":"https:\/\/negrini.com.br\/blog\/"},{"@type":"ListItem","position":2,"name":"Trilho DIN: a chave para uma fixa\u00e7\u00e3o de componentes el\u00e9tricos eficiente"}]},{"@type":"WebSite","@id":"https:\/\/negrini.com.br\/blog\/#website","url":"https:\/\/negrini.com.br\/blog\/","name":"Negrini","description":"Negrini - Blog","publisher":{"@id":"https:\/\/negrini.com.br\/blog\/#organization"},"potentialAction":[{"@type":"SearchAction","target":{"@type":"EntryPoint","urlTemplate":"https:\/\/negrini.com.br\/blog\/?s={search_term_string}"},"query-input":"required name=search_term_string"}],"inLanguage":"pt-BR"},{"@type":"Organization","@id":"https:\/\/negrini.com.br\/blog\/#organization","name":"Negrini","url":"https:\/\/negrini.com.br\/blog\/","logo":{"@type":"ImageObject","inLanguage":"pt-BR","@id":"https:\/\/negrini.com.br\/blog\/#\/schema\/logo\/image\/","url":"http:\/\/negrini.com.br\/blog\/wp-content\/uploads\/2023\/08\/logo-1.png","contentUrl":"http:\/\/negrini.com.br\/blog\/wp-content\/uploads\/2023\/08\/logo-1.png","width":200,"height":125,"caption":"Negrini"},"image":{"@id":"https:\/\/negrini.com.br\/blog\/#\/schema\/logo\/image\/"}},{"@type":"Person","@id":"https:\/\/negrini.com.br\/blog\/#\/schema\/person\/be0940a76bdc9d92a67ab00a31d1d414","name":"admin","image":{"@type":"ImageObject","inLanguage":"pt-BR","@id":"https:\/\/negrini.com.br\/blog\/#\/schema\/person\/image\/","url":"https:\/\/secure.gravatar.com\/avatar\/3813f53848958b8842eeafda91666185a90010f65ed554379b78794cde6f234a?s=96&d=mm&r=g","contentUrl":"https:\/\/secure.gravatar.com\/avatar\/3813f53848958b8842eeafda91666185a90010f65ed554379b78794cde6f234a?s=96&d=mm&r=g","caption":"admin"},"sameAs":["https:\/\/negrini.com.br\/blog"],"url":"http:\/\/negrini.com.br\/blog\/author\/admin\/"}]}},"_links":{"self":[{"href":"http:\/\/negrini.com.br\/blog\/wp-json\/wp\/v2\/posts\/339","targetHints":{"allow":["GET"]}}],"collection":[{"href":"http:\/\/negrini.com.br\/blog\/wp-json\/wp\/v2\/posts"}],"about":[{"href":"http:\/\/negrini.com.br\/blog\/wp-json\/wp\/v2\/types\/post"}],"author":[{"embeddable":true,"href":"http:\/\/negrini.com.br\/blog\/wp-json\/wp\/v2\/users\/1"}],"replies":[{"embeddable":true,"href":"http:\/\/negrini.com.br\/blog\/wp-json\/wp\/v2\/comments?post=339"}],"version-history":[{"count":1,"href":"http:\/\/negrini.com.br\/blog\/wp-json\/wp\/v2\/posts\/339\/revisions"}],"predecessor-version":[{"id":341,"href":"http:\/\/negrini.com.br\/blog\/wp-json\/wp\/v2\/posts\/339\/revisions\/341"}],"wp:featuredmedia":[{"embeddable":true,"href":"http:\/\/negrini.com.br\/blog\/wp-json\/wp\/v2\/media\/340"}],"wp:attachment":[{"href":"http:\/\/negrini.com.br\/blog\/wp-json\/wp\/v2\/media?parent=339"}],"wp:term":[{"taxonomy":"category","embeddable":true,"href":"http:\/\/negrini.com.br\/blog\/wp-json\/wp\/v2\/categories?post=339"},{"taxonomy":"post_tag","embeddable":true,"href":"http:\/\/negrini.com.br\/blog\/wp-json\/wp\/v2\/tags?post=339"}],"curies":[{"name":"wp","href":"https:\/\/api.w.org\/{rel}","templated":true}]}}