{"id":197,"date":"2026-04-02T19:29:42","date_gmt":"2026-04-02T19:29:42","guid":{"rendered":"https:\/\/negrini.com.br\/blog\/?p=197"},"modified":"2026-04-02T19:29:43","modified_gmt":"2026-04-02T19:29:43","slug":"saiba-onde-comprar-prensa-cabo-em-sao-paulo","status":"publish","type":"post","link":"http:\/\/negrini.com.br\/blog\/prensa-cabo\/saiba-onde-comprar-prensa-cabo-em-sao-paulo\/","title":{"rendered":"Saiba onde comprar prensa cabo em S\u00e3o Paulo"},"content":{"rendered":"<span class=\"rt-reading-time\" style=\"display: block;\"><span class=\"rt-label rt-prefix\">Tempo de leitura<\/span> <span class=\"rt-time\">3<\/span> <span class=\"rt-label rt-postfix\">minutos<\/span><\/span>\n<p class=\"has-medium-font-size\"><strong><em>Descubra onde comprar prensa cabo de qualidade em S\u00e3o Paulo para garantir seguran\u00e7a e efici\u00eancia em suas instala\u00e7\u00f5es el\u00e9tricas.<\/em><\/strong><\/p>\n\n\n\n<p>Saber <strong>onde comprar prensa cabo em S\u00e3o Paulo<\/strong> faz diferen\u00e7a direta na seguran\u00e7a, na durabilidade e no desempenho de uma instala\u00e7\u00e3o el\u00e9trica. Embora seja uma pe\u00e7a pequena, o prensa cabo tem uma fun\u00e7\u00e3o cr\u00edtica: ele fixa, protege e veda a entrada dos cabos em pain\u00e9is, caixas e equipamentos. Na pr\u00e1tica, isso ajuda a evitar folgas, danos mec\u00e2nicos e a entrada de sujeira ou umidade.<\/p>\n\n\n\n<p>Em S\u00e3o Paulo, uma variedade de fornecedores oferecem organizadores de cabos, mas \u00e9 fundamental selecionar uma fonte confi\u00e1vel que assegure tanto a qualidade do produto quanto um suporte t\u00e9cnico adequado.<\/p>\n\n\n\n<p>Prensa cabo \u00e9 um componente indispens\u00e1vel em qualquer montagem el\u00e9trica, protegendo fios e cabos e garantindo a seguran\u00e7a das conex\u00f5es.<\/p>\n\n\n\n<p>Ademais, a funcionalidade do prensa cabo vai al\u00e9m da simples organiza\u00e7\u00e3o de cabos, desempenhando um papel vital na preven\u00e7\u00e3o de danos e na manuten\u00e7\u00e3o da integridade do sistema el\u00e9trico.<\/p>\n\n\n\n<p>Al\u00e9m disso, escolher o item correto desde o in\u00edcio evita retrabalho, reduz falhas na montagem e aumenta a confiabilidade da instala\u00e7\u00e3o. Esse cuidado \u00e9 ainda mais importante em aplica\u00e7\u00f5es que exigem veda\u00e7\u00e3o, resist\u00eancia mec\u00e2nica e conformidade com normas t\u00e9cnicas.<\/p>\n\n\n\n<ul class=\"wp-block-list\">\n<li><a href=\"https:\/\/negrini.com.br\/blog\/string-box\/conheca-a-importancia-da-string-box-para-os-sistemas-fotovoltaicos\/\">Conhe\u00e7a a import\u00e2ncia da string box para os sistemas fotovoltaicos<\/a><\/li>\n<\/ul>\n\n\n\n<div id=\"ez-toc-container\" class=\"ez-toc-v2_0_68_1 counter-hierarchy ez-toc-counter ez-toc-grey ez-toc-container-direction\">\n<div class=\"ez-toc-title-container\">\n<p class=\"ez-toc-title \" >Table of Contents<\/p>\n<span class=\"ez-toc-title-toggle\"><a href=\"#\" class=\"ez-toc-pull-right ez-toc-btn ez-toc-btn-xs ez-toc-btn-default ez-toc-toggle\" aria-label=\"Toggle Table of Content\"><span class=\"ez-toc-js-icon-con\"><span class=\"\"><span class=\"eztoc-hide\" style=\"display:none;\">Toggle<\/span><span class=\"ez-toc-icon-toggle-span\"><svg style=\"fill: #999;color:#999\" xmlns=\"http:\/\/www.w3.org\/2000\/svg\" class=\"list-377408\" width=\"20px\" height=\"20px\" viewBox=\"0 0 24 24\" fill=\"none\"><path d=\"M6 6H4v2h2V6zm14 0H8v2h12V6zM4 11h2v2H4v-2zm16 0H8v2h12v-2zM4 16h2v2H4v-2zm16 0H8v2h12v-2z\" fill=\"currentColor\"><\/path><\/svg><svg style=\"fill: #999;color:#999\" class=\"arrow-unsorted-368013\" xmlns=\"http:\/\/www.w3.org\/2000\/svg\" width=\"10px\" height=\"10px\" viewBox=\"0 0 24 24\" version=\"1.2\" baseProfile=\"tiny\"><path d=\"M18.2 9.3l-6.2-6.3-6.2 6.3c-.2.2-.3.4-.3.7s.1.5.3.7c.2.2.4.3.7.3h11c.3 0 .5-.1.7-.3.2-.2.3-.5.3-.7s-.1-.5-.3-.7zM5.8 14.7l6.2 6.3 6.2-6.3c.2-.2.3-.5.3-.7s-.1-.5-.3-.7c-.2-.2-.4-.3-.7-.3h-11c-.3 0-.5.1-.7.3-.2.2-.3.5-.3.7s.1.5.3.7z\"\/><\/svg><\/span><\/span><\/span><\/a><\/span><\/div>\n<nav><ul class='ez-toc-list ez-toc-list-level-1 ' ><li class='ez-toc-page-1 ez-toc-heading-level-2'><a class=\"ez-toc-link ez-toc-heading-1\" href=\"http:\/\/negrini.com.br\/blog\/prensa-cabo\/saiba-onde-comprar-prensa-cabo-em-sao-paulo\/#Para_o_que_serve_o_prensa_cabo\" title=\"Para o que serve o prensa cabo?\">Para o que serve o prensa cabo?<\/a><\/li><li class='ez-toc-page-1 ez-toc-heading-level-2'><a class=\"ez-toc-link ez-toc-heading-2\" href=\"http:\/\/negrini.com.br\/blog\/prensa-cabo\/saiba-onde-comprar-prensa-cabo-em-sao-paulo\/#As_vantagens_do_uso_de_prensa_cabo\" title=\"As vantagens do uso de prensa cabo\">As vantagens do uso de prensa cabo<\/a><\/li><li class='ez-toc-page-1 ez-toc-heading-level-2'><a class=\"ez-toc-link ez-toc-heading-3\" href=\"http:\/\/negrini.com.br\/blog\/prensa-cabo\/saiba-onde-comprar-prensa-cabo-em-sao-paulo\/#Por_que_a_escolha_do_fornecedor_faz_tanta_diferenca\" title=\"Por que a escolha do fornecedor faz tanta diferen\u00e7a?\">Por que a escolha do fornecedor faz tanta diferen\u00e7a?<\/a><\/li><li class='ez-toc-page-1 ez-toc-heading-level-2'><a class=\"ez-toc-link ez-toc-heading-4\" href=\"http:\/\/negrini.com.br\/blog\/prensa-cabo\/saiba-onde-comprar-prensa-cabo-em-sao-paulo\/#Conheca_a_Negrini_a_principal_fornecedora_de_prensa_cabo\" title=\"Conhe\u00e7a a Negrini a principal fornecedora de prensa cabo\">Conhe\u00e7a a Negrini a principal fornecedora de prensa cabo<\/a><\/li><\/ul><\/nav><\/div>\n<h2 class=\"wp-block-heading\"><span class=\"ez-toc-section\" id=\"Para_o_que_serve_o_prensa_cabo\"><\/span>Para o que serve o prensa cabo?<span class=\"ez-toc-section-end\"><\/span><\/h2>\n\n\n\n<p>A prensa cabo \u00e9 projetado para firmar e selar o ponto onde o cabo el\u00e9trico entra em um equipamento, painel ou caixa de passagem.<\/p>\n\n\n\n<p>Al\u00e9m disso, o componente ajuda a proteger a instala\u00e7\u00e3o contra agentes externos, como poeira, \u00e1gua e outros contaminantes. Esse ponto \u00e9 essencial em ambientes industriais, comerciais e at\u00e9 residenciais, nos quais a exposi\u00e7\u00e3o a fatores externos pode afetar o desempenho do sistema ao longo do tempo.<\/p>\n\n\n\n<p>Da mesma forma, o uso do prensa cabo contribui para preservar a integridade da fia\u00e7\u00e3o. Quando o cabo fica bem acomodado e protegido, as chances de desgaste prematuro, atrito excessivo ou rompimento diminuem de forma relevante.<\/p>\n\n\n\n<h2 class=\"wp-block-heading\"><span class=\"ez-toc-section\" id=\"As_vantagens_do_uso_de_prensa_cabo\"><\/span>As vantagens do uso de prensa cabo<span class=\"ez-toc-section-end\"><\/span><\/h2>\n\n\n\n<p>O uso de prensa cabo em instala\u00e7\u00f5es el\u00e9tricas oferece uma s\u00e9rie de vantagens que contribuem significativamente para a seguran\u00e7a, durabilidade e efici\u00eancia dos sistemas el\u00e9tricos.<\/p>\n\n\n\n<p>Aqui est\u00e3o as principais vantagens de utilizar prensa cabo:<\/p>\n\n\n<div class=\"wp-block-image is-style-rounded\">\n<figure class=\"alignright is-resized\"><img loading=\"lazy\" decoding=\"async\" width=\"1000\" height=\"571\" src=\"http:\/\/negrini.com.br\/blog\/wp-content\/uploads\/2024\/04\/28534.jpg\" alt=\"Saiba onde comprar prensa cabo em S\u00e3o Paulo\" class=\"wp-image-199\" style=\"width:251px;height:auto\" srcset=\"http:\/\/negrini.com.br\/blog\/wp-content\/uploads\/2024\/04\/28534.jpg 1000w, http:\/\/negrini.com.br\/blog\/wp-content\/uploads\/2024\/04\/28534-300x171.jpg 300w, http:\/\/negrini.com.br\/blog\/wp-content\/uploads\/2024\/04\/28534-768x439.jpg 768w\" sizes=\"auto, (max-width: 1000px) 100vw, 1000px\" \/><\/figure>\n<\/div>\n\n\n<ul class=\"wp-block-list\">\n<li><strong>Seguran\u00e7a:<\/strong> Evita movimentos dos cabos que podem causar desgaste ou danos, reduzindo o risco de curtos-circuitos.<\/li>\n\n\n\n<li><strong>Prote\u00e7\u00e3o contra intemp\u00e9ries:<\/strong> Protege os cabos de \u00e1gua, poeira e outros contaminantes, crucial em ambientes adversos.<\/li>\n\n\n\n<li><strong>Manuten\u00e7\u00e3o e organiza\u00e7\u00e3o: <\/strong>Mant\u00e9m os cabos organizados, facilitando a manuten\u00e7\u00e3o e a inspe\u00e7\u00e3o.<\/li>\n\n\n\n<li><strong>Cumprimento de normas t\u00e9cnicas:<\/strong> Assegura que as instala\u00e7\u00f5es estejam em conformidade com as normas vigentes.<\/li>\n\n\n\n<li><strong>Versatilidade:<\/strong> Adequado para diversos tipos e tamanhos de cabos e condi\u00e7\u00f5es ambientais.<\/li>\n\n\n\n<li><strong>Preven\u00e7\u00e3o de danos f\u00edsicos:<\/strong> Protege os cabos contra atritos e pux\u00f5es, aumentando sua vida \u00fatil.<\/li>\n<\/ul>\n\n\n\n<p>Essas vantagens demonstram o quanto \u00e9 fundamental escolher e usar o prensa cabo apropriado para cada tipo de instala\u00e7\u00e3o el\u00e9trica, garantindo assim, um sistema mais seguro e eficiente.<\/p>\n\n\n\n<ul class=\"wp-block-list\">\n<li><a href=\"https:\/\/negrini.com.br\/blog\/plugs\/fornecedora-de-plug-industrial-conheca-a-negrini\/\">Fornecedora de plug industrial: conhe\u00e7a a Negrini<\/a><\/li>\n<\/ul>\n\n\n\n<h2 class=\"wp-block-heading\"><span class=\"ez-toc-section\" id=\"Por_que_a_escolha_do_fornecedor_faz_tanta_diferenca\"><\/span>Por que a escolha do fornecedor faz tanta diferen\u00e7a?<span class=\"ez-toc-section-end\"><\/span><\/h2>\n\n\n\n<p>Ao procurar <strong>prensa cabo em S\u00e3o Paulo<\/strong>, muita gente foca primeiro no custo. No entanto, essa decis\u00e3o precisa ir al\u00e9m do valor unit\u00e1rio. Um fornecedor confi\u00e1vel tende a oferecer orienta\u00e7\u00e3o mais precisa sobre aplica\u00e7\u00e3o, dimens\u00f5es, materiais e compatibilidade com cada tipo de projeto.<\/p>\n\n\n\n<p>Al\u00e9m disso, um bom atendimento t\u00e9cnico facilita a escolha do modelo ideal para cada cen\u00e1rio. Isso \u00e9 importante porque diferentes instala\u00e7\u00f5es exigem solu\u00e7\u00f5es espec\u00edficas, seja em pain\u00e9is el\u00e9tricos, caixas de passagem, ambientes sujeitos \u00e0 umidade ou locais com maior exig\u00eancia mec\u00e2nica.<\/p>\n\n\n\n<p>Outro ponto importante \u00e9 a disponibilidade de estoque. Em projetos com prazo apertado, contar com um parceiro que tenha agilidade no atendimento e const\u00e2ncia no fornecimento pode evitar atrasos e custos extras na opera\u00e7\u00e3o.<\/p>\n\n\n\n<h2 class=\"wp-block-heading\"><span class=\"ez-toc-section\" id=\"Conheca_a_Negrini_a_principal_fornecedora_de_prensa_cabo\"><\/span>Conhe\u00e7a a Negrini a principal fornecedora de prensa cabo<span class=\"ez-toc-section-end\"><\/span><\/h2>\n\n\n\n<p>Por fim, ao considerar todas essas caracter\u00edsticas essenciais, a empresa <a href=\"https:\/\/negrini.com.br\/\">Negrini<\/a> se destaca como a melhor fornecedora de prensa cabo em S\u00e3o Paulo.<\/p>\n\n\n\n<p>N\u00e3o apenas pela qualidade superior de seus produtos, mas tamb\u00e9m pelo conhecimento e dedica\u00e7\u00e3o de seus funcion\u00e1rios.<\/p>\n\n\n\n<p>Eles entendem profundamente os produtos que oferecem e est\u00e3o aptos a orientar sobre suas funcionalidades e a instala\u00e7\u00e3o correta.<\/p>\n\n\n\n<p>Ao <a href=\"https:\/\/wa.me\/5511994830537\">entrar em contato<\/a> com a Negrini, os clientes recebem n\u00e3o apenas produtos de excel\u00eancia, mas tamb\u00e9m um atendimento especializado e atencioso.<\/p>\n\n\n\n<p class=\"has-medium-font-size\"><strong><em>Visite o <a href=\"https:\/\/negrini.com.br\/blog\">blog<\/a> da empresa para mais informa\u00e7\u00f5es e dicas sobre componentes el\u00e9tricos e mantenha suas instala\u00e7\u00f5es seguras e eficientes com a ajuda de profissionais experientes.<\/em><\/strong><\/p>\n","protected":false},"excerpt":{"rendered":"<p><span class=\"rt-reading-time\" style=\"display: block;\"><span class=\"rt-label rt-prefix\">Tempo de leitura<\/span> <span class=\"rt-time\">3<\/span> <span class=\"rt-label rt-postfix\">minutos<\/span><\/span> Descubra onde comprar prensa cabo de qualidade em S\u00e3o Paulo para garantir seguran\u00e7a e efici\u00eancia em suas instala\u00e7\u00f5es el\u00e9tricas. Saber onde comprar prensa cabo em S\u00e3o Paulo faz diferen\u00e7a direta na seguran\u00e7a, na durabilidade e no desempenho de uma instala\u00e7\u00e3o&#8230;<\/p>\n","protected":false},"author":1,"featured_media":198,"comment_status":"open","ping_status":"open","sticky":false,"template":"","format":"standard","meta":{"footnotes":""},"categories":[1497],"tags":[1501,1500,1511,1510,1513,1512,1503,1502,1505,1504,1507,1506,1509,1508,1515,1514,1499,1498,1529,1527,1521,1519,1537,1533,1535,1525,1523,1531,1517,1528,1526,1520,1518,1536,1532,1534,1524,1522,1530,1516],"class_list":["post-197","post","type-post","status-publish","format-standard","has-post-thumbnail","hentry","category-prensa-cabo","tag-comprar-organizador-de-cabo","tag-comprar-prensa-cabo","tag-distribuidor-de-organizador-de-cabo","tag-distribuidor-de-prensa-cabo","tag-distribuidora-de-organizador-de-cabo","tag-distribuidora-de-prensa-cabo","tag-empresa-de-organizador-de-cabo","tag-empresa-de-prensa-cabo","tag-fabrica-de-organizador-de-cabo","tag-fabrica-de-prensa-cabo","tag-fabricante-de-organizador-de-cabo","tag-fabricante-de-prensa-cabo","tag-fornecedor-de-organizador-de-cabo","tag-fornecedor-de-prensa-cabo","tag-loja-de-organizador-de-cabo","tag-loja-de-prensa-cabo","tag-onde-encontrar-organizador-de-cabo","tag-onde-encontrar-prensa-cabo","tag-organizador-de-cabo-direto-da-fabrica","tag-organizador-de-cabo-em-promocao","tag-organizador-de-cabo-em-sao-paulo","tag-organizador-de-cabo-em-sp","tag-organizador-de-cabo-na-agua-rasa","tag-organizador-de-cabo-na-mooca","tag-organizador-de-cabo-na-vila-bertioga","tag-organizador-de-cabo-na-zl","tag-organizador-de-cabo-na-zona-leste","tag-organizador-de-cabo-no-ipiranga","tag-organizador-de-cabo-preco","tag-prensa-cabo-direto-da-fabrica","tag-prensa-cabo-em-promocao","tag-prensa-cabo-em-sao-paulo","tag-prensa-cabo-em-sp","tag-prensa-cabo-na-agua-rasa","tag-prensa-cabo-na-mooca","tag-prensa-cabo-na-vila-bertioga","tag-prensa-cabo-na-zl","tag-prensa-cabo-na-zona-leste","tag-prensa-cabo-no-ipiranga","tag-prensa-cabo-preco"],"yoast_head":"<!-- This site is optimized with the Yoast SEO plugin v23.3 - https:\/\/yoast.com\/wordpress\/plugins\/seo\/ -->\n<title>Saiba onde comprar prensa cabo em S\u00e3o Paulo - Negrini<\/title>\n<meta name=\"description\" content=\"Descubra onde comprar prensa cabo de qualidade em S\u00e3o Paulo para garantir seguran\u00e7a e efici\u00eancia em suas instala\u00e7\u00f5es el\u00e9tricas.\" \/>\n<meta name=\"robots\" content=\"index, follow, max-snippet:-1, max-image-preview:large, max-video-preview:-1\" \/>\n<link rel=\"canonical\" href=\"https:\/\/negrini.com.br\/blog\/prensa-cabo\/saiba-onde-comprar-prensa-cabo-em-sao-paulo\/\" \/>\n<meta property=\"og:locale\" content=\"pt_BR\" \/>\n<meta property=\"og:type\" content=\"article\" \/>\n<meta property=\"og:title\" content=\"Saiba onde comprar prensa cabo em S\u00e3o Paulo - Negrini\" \/>\n<meta property=\"og:description\" content=\"Descubra onde comprar prensa cabo de qualidade em S\u00e3o Paulo para garantir seguran\u00e7a e efici\u00eancia em suas instala\u00e7\u00f5es el\u00e9tricas.\" \/>\n<meta property=\"og:url\" content=\"https:\/\/negrini.com.br\/blog\/prensa-cabo\/saiba-onde-comprar-prensa-cabo-em-sao-paulo\/\" \/>\n<meta property=\"og:site_name\" content=\"Negrini\" \/>\n<meta property=\"article:published_time\" content=\"2026-04-02T19:29:42+00:00\" \/>\n<meta property=\"article:modified_time\" content=\"2026-04-02T19:29:43+00:00\" \/>\n<meta property=\"og:image\" content=\"https:\/\/negrini.com.br\/blog\/wp-content\/uploads\/2024\/04\/31-1.jpg\" \/>\n\t<meta property=\"og:image:width\" content=\"1000\" \/>\n\t<meta property=\"og:image:height\" content=\"667\" \/>\n\t<meta property=\"og:image:type\" content=\"image\/jpeg\" \/>\n<meta name=\"author\" content=\"admin\" \/>\n<meta name=\"twitter:card\" content=\"summary_large_image\" \/>\n<meta name=\"twitter:label1\" content=\"Escrito por\" \/>\n\t<meta name=\"twitter:data1\" content=\"admin\" \/>\n\t<meta name=\"twitter:label2\" content=\"Est. tempo de leitura\" \/>\n\t<meta name=\"twitter:data2\" content=\"5 minutos\" \/>\n<script type=\"application\/ld+json\" class=\"yoast-schema-graph\">{\"@context\":\"https:\/\/schema.org\",\"@graph\":[{\"@type\":\"Article\",\"@id\":\"https:\/\/negrini.com.br\/blog\/prensa-cabo\/saiba-onde-comprar-prensa-cabo-em-sao-paulo\/#article\",\"isPartOf\":{\"@id\":\"https:\/\/negrini.com.br\/blog\/prensa-cabo\/saiba-onde-comprar-prensa-cabo-em-sao-paulo\/\"},\"author\":{\"name\":\"admin\",\"@id\":\"https:\/\/negrini.com.br\/blog\/#\/schema\/person\/be0940a76bdc9d92a67ab00a31d1d414\"},\"headline\":\"Saiba onde comprar prensa cabo em S\u00e3o Paulo\",\"datePublished\":\"2026-04-02T19:29:42+00:00\",\"dateModified\":\"2026-04-02T19:29:43+00:00\",\"mainEntityOfPage\":{\"@id\":\"https:\/\/negrini.com.br\/blog\/prensa-cabo\/saiba-onde-comprar-prensa-cabo-em-sao-paulo\/\"},\"wordCount\":833,\"commentCount\":0,\"publisher\":{\"@id\":\"https:\/\/negrini.com.br\/blog\/#organization\"},\"image\":{\"@id\":\"https:\/\/negrini.com.br\/blog\/prensa-cabo\/saiba-onde-comprar-prensa-cabo-em-sao-paulo\/#primaryimage\"},\"thumbnailUrl\":\"http:\/\/negrini.com.br\/blog\/wp-content\/uploads\/2024\/04\/31-1.jpg\",\"keywords\":[\"comprar organizador de cabo\",\"comprar prensa cabo\",\"distribuidor de organizador de cabo\",\"distribuidor de prensa cabo\",\"distribuidora de organizador de cabo\",\"distribuidora de prensa cabo\",\"empresa de organizador de cabo\",\"empresa de prensa cabo\",\"f\u00e1brica de organizador de cabo\",\"f\u00e1brica de prensa cabo\",\"fabricante de organizador de cabo\",\"fabricante de prensa cabo\",\"fornecedor de organizador de cabo\",\"fornecedor de prensa cabo\",\"loja de organizador de cabo\",\"loja de prensa cabo\",\"onde encontrar organizador de cabo\",\"onde encontrar prensa cabo\",\"organizador de cabo direto da fabrica\",\"organizador de cabo em promo\u00e7\u00e3o\",\"organizador de cabo em s\u00e3o paulo\",\"organizador de cabo em sp\",\"organizador de cabo na \u00e1gua rasa\",\"organizador de cabo na mooca\",\"organizador de cabo na vila bertioga\",\"organizador de cabo na zl\",\"organizador de cabo na zona leste\",\"organizador de cabo no ipiranga\",\"organizador de cabo pre\u00e7o\",\"prensa cabo direto da fabrica\",\"prensa cabo em promo\u00e7\u00e3o\",\"prensa cabo em s\u00e3o paulo\",\"prensa cabo em sp\",\"prensa cabo na \u00e1gua rasa\",\"prensa cabo na mooca\",\"prensa cabo na vila bertioga\",\"prensa cabo na zl\",\"prensa cabo na zona leste\",\"prensa cabo no ipiranga\",\"prensa cabo pre\u00e7o\"],\"articleSection\":[\"Prensa Cabo\"],\"inLanguage\":\"pt-BR\",\"potentialAction\":[{\"@type\":\"CommentAction\",\"name\":\"Comment\",\"target\":[\"https:\/\/negrini.com.br\/blog\/prensa-cabo\/saiba-onde-comprar-prensa-cabo-em-sao-paulo\/#respond\"]}]},{\"@type\":\"WebPage\",\"@id\":\"https:\/\/negrini.com.br\/blog\/prensa-cabo\/saiba-onde-comprar-prensa-cabo-em-sao-paulo\/\",\"url\":\"https:\/\/negrini.com.br\/blog\/prensa-cabo\/saiba-onde-comprar-prensa-cabo-em-sao-paulo\/\",\"name\":\"Saiba onde comprar prensa cabo em S\u00e3o Paulo - Negrini\",\"isPartOf\":{\"@id\":\"https:\/\/negrini.com.br\/blog\/#website\"},\"primaryImageOfPage\":{\"@id\":\"https:\/\/negrini.com.br\/blog\/prensa-cabo\/saiba-onde-comprar-prensa-cabo-em-sao-paulo\/#primaryimage\"},\"image\":{\"@id\":\"https:\/\/negrini.com.br\/blog\/prensa-cabo\/saiba-onde-comprar-prensa-cabo-em-sao-paulo\/#primaryimage\"},\"thumbnailUrl\":\"http:\/\/negrini.com.br\/blog\/wp-content\/uploads\/2024\/04\/31-1.jpg\",\"datePublished\":\"2026-04-02T19:29:42+00:00\",\"dateModified\":\"2026-04-02T19:29:43+00:00\",\"description\":\"Descubra onde comprar prensa cabo de qualidade em S\u00e3o Paulo para garantir seguran\u00e7a e efici\u00eancia em suas instala\u00e7\u00f5es el\u00e9tricas.\",\"breadcrumb\":{\"@id\":\"https:\/\/negrini.com.br\/blog\/prensa-cabo\/saiba-onde-comprar-prensa-cabo-em-sao-paulo\/#breadcrumb\"},\"inLanguage\":\"pt-BR\",\"potentialAction\":[{\"@type\":\"ReadAction\",\"target\":[\"https:\/\/negrini.com.br\/blog\/prensa-cabo\/saiba-onde-comprar-prensa-cabo-em-sao-paulo\/\"]}]},{\"@type\":\"ImageObject\",\"inLanguage\":\"pt-BR\",\"@id\":\"https:\/\/negrini.com.br\/blog\/prensa-cabo\/saiba-onde-comprar-prensa-cabo-em-sao-paulo\/#primaryimage\",\"url\":\"http:\/\/negrini.com.br\/blog\/wp-content\/uploads\/2024\/04\/31-1.jpg\",\"contentUrl\":\"http:\/\/negrini.com.br\/blog\/wp-content\/uploads\/2024\/04\/31-1.jpg\",\"width\":1000,\"height\":667,\"caption\":\"Saiba onde comprar prensa cabo em S\u00e3o Paulo\"},{\"@type\":\"BreadcrumbList\",\"@id\":\"https:\/\/negrini.com.br\/blog\/prensa-cabo\/saiba-onde-comprar-prensa-cabo-em-sao-paulo\/#breadcrumb\",\"itemListElement\":[{\"@type\":\"ListItem\",\"position\":1,\"name\":\"In\u00edcio\",\"item\":\"https:\/\/negrini.com.br\/blog\/\"},{\"@type\":\"ListItem\",\"position\":2,\"name\":\"Saiba onde comprar prensa cabo em S\u00e3o Paulo\"}]},{\"@type\":\"WebSite\",\"@id\":\"https:\/\/negrini.com.br\/blog\/#website\",\"url\":\"https:\/\/negrini.com.br\/blog\/\",\"name\":\"Negrini\",\"description\":\"Negrini - Blog\",\"publisher\":{\"@id\":\"https:\/\/negrini.com.br\/blog\/#organization\"},\"potentialAction\":[{\"@type\":\"SearchAction\",\"target\":{\"@type\":\"EntryPoint\",\"urlTemplate\":\"https:\/\/negrini.com.br\/blog\/?s={search_term_string}\"},\"query-input\":\"required name=search_term_string\"}],\"inLanguage\":\"pt-BR\"},{\"@type\":\"Organization\",\"@id\":\"https:\/\/negrini.com.br\/blog\/#organization\",\"name\":\"Negrini\",\"url\":\"https:\/\/negrini.com.br\/blog\/\",\"logo\":{\"@type\":\"ImageObject\",\"inLanguage\":\"pt-BR\",\"@id\":\"https:\/\/negrini.com.br\/blog\/#\/schema\/logo\/image\/\",\"url\":\"http:\/\/negrini.com.br\/blog\/wp-content\/uploads\/2023\/08\/logo-1.png\",\"contentUrl\":\"http:\/\/negrini.com.br\/blog\/wp-content\/uploads\/2023\/08\/logo-1.png\",\"width\":200,\"height\":125,\"caption\":\"Negrini\"},\"image\":{\"@id\":\"https:\/\/negrini.com.br\/blog\/#\/schema\/logo\/image\/\"}},{\"@type\":\"Person\",\"@id\":\"https:\/\/negrini.com.br\/blog\/#\/schema\/person\/be0940a76bdc9d92a67ab00a31d1d414\",\"name\":\"admin\",\"image\":{\"@type\":\"ImageObject\",\"inLanguage\":\"pt-BR\",\"@id\":\"https:\/\/negrini.com.br\/blog\/#\/schema\/person\/image\/\",\"url\":\"https:\/\/secure.gravatar.com\/avatar\/3813f53848958b8842eeafda91666185a90010f65ed554379b78794cde6f234a?s=96&d=mm&r=g\",\"contentUrl\":\"https:\/\/secure.gravatar.com\/avatar\/3813f53848958b8842eeafda91666185a90010f65ed554379b78794cde6f234a?s=96&d=mm&r=g\",\"caption\":\"admin\"},\"sameAs\":[\"https:\/\/negrini.com.br\/blog\"],\"url\":\"http:\/\/negrini.com.br\/blog\/author\/admin\/\"}]}<\/script>\n<!-- \/ Yoast SEO plugin. -->","yoast_head_json":{"title":"Saiba onde comprar prensa cabo em S\u00e3o Paulo - Negrini","description":"Descubra onde comprar prensa cabo de qualidade em S\u00e3o Paulo para garantir seguran\u00e7a e efici\u00eancia em suas instala\u00e7\u00f5es el\u00e9tricas.","robots":{"index":"index","follow":"follow","max-snippet":"max-snippet:-1","max-image-preview":"max-image-preview:large","max-video-preview":"max-video-preview:-1"},"canonical":"https:\/\/negrini.com.br\/blog\/prensa-cabo\/saiba-onde-comprar-prensa-cabo-em-sao-paulo\/","og_locale":"pt_BR","og_type":"article","og_title":"Saiba onde comprar prensa cabo em S\u00e3o Paulo - Negrini","og_description":"Descubra onde comprar prensa cabo de qualidade em S\u00e3o Paulo para garantir seguran\u00e7a e efici\u00eancia em suas instala\u00e7\u00f5es el\u00e9tricas.","og_url":"https:\/\/negrini.com.br\/blog\/prensa-cabo\/saiba-onde-comprar-prensa-cabo-em-sao-paulo\/","og_site_name":"Negrini","article_published_time":"2026-04-02T19:29:42+00:00","article_modified_time":"2026-04-02T19:29:43+00:00","og_image":[{"width":1000,"height":667,"url":"https:\/\/negrini.com.br\/blog\/wp-content\/uploads\/2024\/04\/31-1.jpg","type":"image\/jpeg"}],"author":"admin","twitter_card":"summary_large_image","twitter_misc":{"Escrito por":"admin","Est. tempo de leitura":"5 minutos"},"schema":{"@context":"https:\/\/schema.org","@graph":[{"@type":"Article","@id":"https:\/\/negrini.com.br\/blog\/prensa-cabo\/saiba-onde-comprar-prensa-cabo-em-sao-paulo\/#article","isPartOf":{"@id":"https:\/\/negrini.com.br\/blog\/prensa-cabo\/saiba-onde-comprar-prensa-cabo-em-sao-paulo\/"},"author":{"name":"admin","@id":"https:\/\/negrini.com.br\/blog\/#\/schema\/person\/be0940a76bdc9d92a67ab00a31d1d414"},"headline":"Saiba onde comprar prensa cabo em S\u00e3o Paulo","datePublished":"2026-04-02T19:29:42+00:00","dateModified":"2026-04-02T19:29:43+00:00","mainEntityOfPage":{"@id":"https:\/\/negrini.com.br\/blog\/prensa-cabo\/saiba-onde-comprar-prensa-cabo-em-sao-paulo\/"},"wordCount":833,"commentCount":0,"publisher":{"@id":"https:\/\/negrini.com.br\/blog\/#organization"},"image":{"@id":"https:\/\/negrini.com.br\/blog\/prensa-cabo\/saiba-onde-comprar-prensa-cabo-em-sao-paulo\/#primaryimage"},"thumbnailUrl":"http:\/\/negrini.com.br\/blog\/wp-content\/uploads\/2024\/04\/31-1.jpg","keywords":["comprar organizador de cabo","comprar prensa cabo","distribuidor de organizador de cabo","distribuidor de prensa cabo","distribuidora de organizador de cabo","distribuidora de prensa cabo","empresa de organizador de cabo","empresa de prensa cabo","f\u00e1brica de organizador de cabo","f\u00e1brica de prensa cabo","fabricante de organizador de cabo","fabricante de prensa cabo","fornecedor de organizador de cabo","fornecedor de prensa cabo","loja de organizador de cabo","loja de prensa cabo","onde encontrar organizador de cabo","onde encontrar prensa cabo","organizador de cabo direto da fabrica","organizador de cabo em promo\u00e7\u00e3o","organizador de cabo em s\u00e3o paulo","organizador de cabo em sp","organizador de cabo na \u00e1gua rasa","organizador de cabo na mooca","organizador de cabo na vila bertioga","organizador de cabo na zl","organizador de cabo na zona leste","organizador de cabo no ipiranga","organizador de cabo pre\u00e7o","prensa cabo direto da fabrica","prensa cabo em promo\u00e7\u00e3o","prensa cabo em s\u00e3o paulo","prensa cabo em sp","prensa cabo na \u00e1gua rasa","prensa cabo na mooca","prensa cabo na vila bertioga","prensa cabo na zl","prensa cabo na zona leste","prensa cabo no ipiranga","prensa cabo pre\u00e7o"],"articleSection":["Prensa Cabo"],"inLanguage":"pt-BR","potentialAction":[{"@type":"CommentAction","name":"Comment","target":["https:\/\/negrini.com.br\/blog\/prensa-cabo\/saiba-onde-comprar-prensa-cabo-em-sao-paulo\/#respond"]}]},{"@type":"WebPage","@id":"https:\/\/negrini.com.br\/blog\/prensa-cabo\/saiba-onde-comprar-prensa-cabo-em-sao-paulo\/","url":"https:\/\/negrini.com.br\/blog\/prensa-cabo\/saiba-onde-comprar-prensa-cabo-em-sao-paulo\/","name":"Saiba onde comprar prensa cabo em S\u00e3o Paulo - Negrini","isPartOf":{"@id":"https:\/\/negrini.com.br\/blog\/#website"},"primaryImageOfPage":{"@id":"https:\/\/negrini.com.br\/blog\/prensa-cabo\/saiba-onde-comprar-prensa-cabo-em-sao-paulo\/#primaryimage"},"image":{"@id":"https:\/\/negrini.com.br\/blog\/prensa-cabo\/saiba-onde-comprar-prensa-cabo-em-sao-paulo\/#primaryimage"},"thumbnailUrl":"http:\/\/negrini.com.br\/blog\/wp-content\/uploads\/2024\/04\/31-1.jpg","datePublished":"2026-04-02T19:29:42+00:00","dateModified":"2026-04-02T19:29:43+00:00","description":"Descubra onde comprar prensa cabo de qualidade em S\u00e3o Paulo para garantir seguran\u00e7a e efici\u00eancia em suas instala\u00e7\u00f5es el\u00e9tricas.","breadcrumb":{"@id":"https:\/\/negrini.com.br\/blog\/prensa-cabo\/saiba-onde-comprar-prensa-cabo-em-sao-paulo\/#breadcrumb"},"inLanguage":"pt-BR","potentialAction":[{"@type":"ReadAction","target":["https:\/\/negrini.com.br\/blog\/prensa-cabo\/saiba-onde-comprar-prensa-cabo-em-sao-paulo\/"]}]},{"@type":"ImageObject","inLanguage":"pt-BR","@id":"https:\/\/negrini.com.br\/blog\/prensa-cabo\/saiba-onde-comprar-prensa-cabo-em-sao-paulo\/#primaryimage","url":"http:\/\/negrini.com.br\/blog\/wp-content\/uploads\/2024\/04\/31-1.jpg","contentUrl":"http:\/\/negrini.com.br\/blog\/wp-content\/uploads\/2024\/04\/31-1.jpg","width":1000,"height":667,"caption":"Saiba onde comprar prensa cabo em S\u00e3o Paulo"},{"@type":"BreadcrumbList","@id":"https:\/\/negrini.com.br\/blog\/prensa-cabo\/saiba-onde-comprar-prensa-cabo-em-sao-paulo\/#breadcrumb","itemListElement":[{"@type":"ListItem","position":1,"name":"In\u00edcio","item":"https:\/\/negrini.com.br\/blog\/"},{"@type":"ListItem","position":2,"name":"Saiba onde comprar prensa cabo em S\u00e3o Paulo"}]},{"@type":"WebSite","@id":"https:\/\/negrini.com.br\/blog\/#website","url":"https:\/\/negrini.com.br\/blog\/","name":"Negrini","description":"Negrini - Blog","publisher":{"@id":"https:\/\/negrini.com.br\/blog\/#organization"},"potentialAction":[{"@type":"SearchAction","target":{"@type":"EntryPoint","urlTemplate":"https:\/\/negrini.com.br\/blog\/?s={search_term_string}"},"query-input":"required name=search_term_string"}],"inLanguage":"pt-BR"},{"@type":"Organization","@id":"https:\/\/negrini.com.br\/blog\/#organization","name":"Negrini","url":"https:\/\/negrini.com.br\/blog\/","logo":{"@type":"ImageObject","inLanguage":"pt-BR","@id":"https:\/\/negrini.com.br\/blog\/#\/schema\/logo\/image\/","url":"http:\/\/negrini.com.br\/blog\/wp-content\/uploads\/2023\/08\/logo-1.png","contentUrl":"http:\/\/negrini.com.br\/blog\/wp-content\/uploads\/2023\/08\/logo-1.png","width":200,"height":125,"caption":"Negrini"},"image":{"@id":"https:\/\/negrini.com.br\/blog\/#\/schema\/logo\/image\/"}},{"@type":"Person","@id":"https:\/\/negrini.com.br\/blog\/#\/schema\/person\/be0940a76bdc9d92a67ab00a31d1d414","name":"admin","image":{"@type":"ImageObject","inLanguage":"pt-BR","@id":"https:\/\/negrini.com.br\/blog\/#\/schema\/person\/image\/","url":"https:\/\/secure.gravatar.com\/avatar\/3813f53848958b8842eeafda91666185a90010f65ed554379b78794cde6f234a?s=96&d=mm&r=g","contentUrl":"https:\/\/secure.gravatar.com\/avatar\/3813f53848958b8842eeafda91666185a90010f65ed554379b78794cde6f234a?s=96&d=mm&r=g","caption":"admin"},"sameAs":["https:\/\/negrini.com.br\/blog"],"url":"http:\/\/negrini.com.br\/blog\/author\/admin\/"}]}},"_links":{"self":[{"href":"http:\/\/negrini.com.br\/blog\/wp-json\/wp\/v2\/posts\/197","targetHints":{"allow":["GET"]}}],"collection":[{"href":"http:\/\/negrini.com.br\/blog\/wp-json\/wp\/v2\/posts"}],"about":[{"href":"http:\/\/negrini.com.br\/blog\/wp-json\/wp\/v2\/types\/post"}],"author":[{"embeddable":true,"href":"http:\/\/negrini.com.br\/blog\/wp-json\/wp\/v2\/users\/1"}],"replies":[{"embeddable":true,"href":"http:\/\/negrini.com.br\/blog\/wp-json\/wp\/v2\/comments?post=197"}],"version-history":[{"count":2,"href":"http:\/\/negrini.com.br\/blog\/wp-json\/wp\/v2\/posts\/197\/revisions"}],"predecessor-version":[{"id":546,"href":"http:\/\/negrini.com.br\/blog\/wp-json\/wp\/v2\/posts\/197\/revisions\/546"}],"wp:featuredmedia":[{"embeddable":true,"href":"http:\/\/negrini.com.br\/blog\/wp-json\/wp\/v2\/media\/198"}],"wp:attachment":[{"href":"http:\/\/negrini.com.br\/blog\/wp-json\/wp\/v2\/media?parent=197"}],"wp:term":[{"taxonomy":"category","embeddable":true,"href":"http:\/\/negrini.com.br\/blog\/wp-json\/wp\/v2\/categories?post=197"},{"taxonomy":"post_tag","embeddable":true,"href":"http:\/\/negrini.com.br\/blog\/wp-json\/wp\/v2\/tags?post=197"}],"curies":[{"name":"wp","href":"https:\/\/api.w.org\/{rel}","templated":true}]}}